{"id":3167,"date":"2026-08-31T10:29:04","date_gmt":"2026-08-31T08:29:04","guid":{"rendered":"https:\/\/www.nest-institute.org\/?p=3167"},"modified":"2026-08-31T10:29:04","modified_gmt":"2026-08-31T08:29:04","slug":"eskalacia-hybridnej-vojny-dorazila-aj-k-nam-chceli-podpalit-fabriku-dronov-prehlad-36-tyzden","status":"publish","type":"post","link":"https:\/\/www.nest-institute.org\/en\/projekty\/za-kulisami-hybridnej-vojny\/eskalacia-hybridnej-vojny-dorazila-aj-k-nam-chceli-podpalit-fabriku-dronov-prehlad-36-tyzden\/","title":{"rendered":"Eskal\u00e1cia hybridnej vojny dorazila aj k n\u00e1m: chceli podp\u00e1li\u0165 fabriku dronov (preh\u013ead 36. t\u00fd\u017ede\u0148)"},"content":{"rendered":"<p class=\"wp-block-paragraph\">Z\u00e1paln\u00e1 zmes a ru\u010dne kreslen\u00fd pl\u00e1n \u00fatoku na dronov\u00fa fabriku pri Pre\u0161ove \u2013 to je len jeden z pr\u00edpadov, ktor\u00e9 tento t\u00fd\u017ede\u0148 ukazuj\u00fa, \u017ee rusk\u00e1 hybridn\u00e1 strat\u00e9gia v Eur\u00f3pe naber\u00e1 na intenzite a t\u00fdka sa aj Slovenska. Od sabot\u00e1\u017e\u00ed cez zlo\u010dineck\u00e9 siete a tajn\u00fdch zbrojn\u00fdch skladov pri Berl\u00edne a\u017e po kybernetick\u00e9 \u00fatoky na N\u00f3rsko a propagandu v Taliansku, spojenci z\u00e1rove\u0148 posil\u0148uj\u00fa svoju odolnos\u0165 \u2013 napr\u00edklad Kanada v Loty\u0161sku. Prin\u00e1\u0161ame preh\u013ead najd\u00f4le\u017eitej\u0161\u00edch udalost\u00ed uplynul\u00e9ho t\u00fd\u017ed\u0148a.<\/p>\n\n\n\n<h3 class=\"wp-block-heading\"><strong>\ud83c\udf10 Meniace sa bezpe\u010dnostn\u00e9 prostredie<\/strong><\/h3>\n\n\n\n<p class=\"wp-block-paragraph\"><strong>Slovensko<\/strong> \u2013 Slovensk\u00e1 pol\u00edcia v\u010faka poznatkom tajn\u00fdch slu\u017eieb prekazila pripravovan\u00fd podpa\u013ea\u010dsk\u00fd \u00fatok na v\u00fdrobn\u00fd z\u00e1vod pri Pre\u0161ove, ktor\u00fd patr\u00ed ukrajinskej spolo\u010dnosti Skyeton vyr\u00e1baj\u00facej monitorovacie drony. Zadr\u017eala troch cudzincov \u2013 dvoch na Slovensku, tretieho v Nemecku \u2013 a zaistila z\u00e1paln\u00fa zmes, n\u00e1radie aj ru\u010dne vyhotoven\u00fd pl\u00e1n \u00fatoku, ktor\u00fd mohol ohrozi\u0165 pribli\u017ene 70 zamestnancov a sp\u00f4sobi\u0165 \u0161kody v desiatkach mili\u00f3nov eur. Slovensko n\u00e1sledne po\u017eiadalo o vydanie 26-ro\u010dn\u00e9ho Loty\u0161a, pri\u010dom pr\u00edpad pod\u013ea Der Spiegel s\u00favis\u00ed s pr\u00edpravou \u00fatokov objednan\u00fdch zo zahrani\u010dia; k firme sa medzit\u00fdm verejne prihl\u00e1sila aj takzvan\u00e1 \u201emierov\u00e1 iniciat\u00edva\u201c.&nbsp;<\/p>\n\n\n\n<p class=\"wp-block-paragraph\">\u25b6\ufe0f<a href=\"https:\/\/www.pravda.sk\/spravy\/domace\/clanok\/2030631-drony-pre-ukrajinu-chceli-vyhodit-do-vzduchu-napalmom-co-vyraba-zavod-ktory-mal-byt-tercom-utoku\" target=\"_blank\" rel=\"noopener\">Fabrika pri Pre\u0161ove, ktor\u00fa chceli zni\u010di\u0165, nie je len mont\u00e1\u017ena hala.<\/a><\/p>\n\n\n\n<p class=\"wp-block-paragraph\"><strong>Eur\u00f3pa<\/strong> \u2013 Rusko pod\u013ea z\u00e1padn\u00fdch spravodajsk\u00fdch zdrojov zintenz\u00edv\u0148uje \u00fatoky na eur\u00f3psky obrann\u00fd priemysel, pri\u010dom m\u00e1 na ne verbova\u0165 \u010dlenov miestnych zlo\u010dineck\u00fdch skup\u00edn namiesto vlastn\u00fdch agentov. Vy\u0161etrovatelia v tejto s\u00favislosti preveruj\u00fa po\u017eiare, v\u00fdbuchy a pokusy o sabot\u00e1\u017e v Est\u00f3nsku, \u010cesku, Bulharsku, Taliansku a \u010fal\u0161\u00edch krajin\u00e1ch, no zodpovednos\u0165 sa pri viacer\u00fdch pr\u00edpadoch zatia\u013e nepodarilo jednozna\u010dne preuk\u00e1za\u0165. Rusk\u00e1 vojensk\u00e1 rozviedka GRU m\u00e1 sprostredkovate\u013eov verbova\u0165 cez online platformy pr\u00e1ve preto, aby si zachovala vierohodn\u00e9 popieranie priameho zapojenia.&nbsp;<\/p>\n\n\n\n<p class=\"wp-block-paragraph\">\u25b6\ufe0f <a href=\"https:\/\/english.nv.ua\/nation\/russia-launches-new-wave-of-attacks-on-european-arms-factories-the-telegraph-50635153.html\" target=\"_blank\" rel=\"noopener\">Kremlin uses local gangs in new attacks on European arms plants<\/a> \/ <a href=\"https:\/\/defence24.com\/geopolitics\/russias-plan-to-sabotage-european-weapon-factories\" target=\"_blank\" rel=\"noopener\">Russia&#8217;s plan to sabotage European weapon factories<\/a><\/p>\n\n\n\n<p class=\"wp-block-paragraph\"><strong>USA\/Eur\u00f3pa<\/strong> \u2013 Spr\u00e1va Kongresovej v\u00fdskumnej slu\u017eby USA upozor\u0148uje na stup\u0148uj\u00facu sa rusk\u00fa kampa\u0148 hybridn\u00fdch aktiv\u00edt v Eur\u00f3pe, ktor\u00e1 kombinuje sabot\u00e1\u017e, pokusy o atent\u00e1ty, politick\u00e9 zasahovanie, kybernetick\u00e9 \u00fatoky, nar\u00fa\u0161anie vzdu\u0161n\u00e9ho priestoru a elektronick\u00e9 ru\u0161enie pod hranicou otvoren\u00e9ho vojensk\u00e9ho konfliktu. Rusk\u00e9 spravodajsk\u00e9 slu\u017eby sa pritom prisp\u00f4sobuj\u00fa spr\u00edsnen\u00fdm bezpe\u010dnostn\u00fdm opatreniam a \u010doraz viac spoliehaj\u00fa na sprostredkovate\u013eov, \u010do komplikuje prip\u00edsanie zodpovednosti aj koordinovan\u00fa reakciu spojencov.<a href=\"https:\/\/www.hstoday.us\/subject-matter-areas\/border-security\/report-to-congress-on-russian-hybrid-warfare-in-europe\/\" target=\"_blank\" rel=\"noopener\">&nbsp;<\/a><\/p>\n\n\n\n<p class=\"wp-block-paragraph\">\u25b6\ufe0f <a href=\"https:\/\/www.hstoday.us\/subject-matter-areas\/border-security\/report-to-congress-on-russian-hybrid-warfare-in-europe\/\" target=\"_blank\" rel=\"noopener\">Report to Congress on Russian Hybrid Warfare in Europe<\/a><\/p>\n\n\n\n<p class=\"wp-block-paragraph\"><strong>Nemecko<\/strong> \u2013 Nemeck\u00e9 org\u00e1ny vy\u0161etruj\u00fa tajn\u00fd zbrojn\u00fd sklad objaven\u00fd vlani pri Berl\u00edne, v ktorom sa mali nach\u00e1dza\u0165 dve streln\u00e9 zbrane a mun\u00edcia ur\u010den\u00e9 na pl\u00e1novan\u00e9 \u00fatoky. Stopy pod\u013ea Spiegelu ved\u00fa do Moskvy \u2013 zbrane tam mal prinies\u0165 ukrajinsk\u00fd mlad\u00edk pou\u017eit\u00fd ako jednorazov\u00fd agent, ktor\u00fd mohol by\u0165 s\u00fa\u010das\u0165ou v\u00e4\u010d\u0161ej utajenej siete pripravuj\u00facej sabot\u00e1\u017ene oper\u00e1cie vo viacer\u00fdch \u0161t\u00e1toch NATO. V s\u00favislosti s pr\u00edpadom bol v Rumunsku zadr\u017ean\u00fd podozriv\u00fd a feder\u00e1lna prokurat\u00fara vedie vy\u0161etrovanie pre podozrenie zo spravodajskej \u010dinnosti.&nbsp;<\/p>\n\n\n\n<p class=\"wp-block-paragraph\">\u25b6\ufe0f <a href=\"https:\/\/www.bbc.com\/news\/articles\/cp9edjpvplpo\" target=\"_blank\" rel=\"noopener\">Germany investigates Russia links to weapons cache discovered in woods, reports say<\/a><\/p>\n\n\n\n<p class=\"wp-block-paragraph\"><strong>Spojen\u00e9 kr\u00e1\u013eovstvo<\/strong> \u2013 Kreme\u013e varoval, \u017ee britsk\u00e9 tov\u00e1rne vyr\u00e1baj\u00face drony pre Ukrajinu by sa mohli sta\u0165 ter\u010dom \u00fatokov z \u201enezn\u00e1mych zdrojov\u201c. Vyjadrenie pri\u0161lo po spr\u00e1vach o pou\u017eit\u00ed bezpilotn\u00fdch prostriedkov britskej v\u00fdroby pri ukrajinsk\u00fdch \u00faderoch na ruskom \u00fazem\u00ed a zvy\u0161uje tlak na jedn\u00e9ho z k\u013e\u00fa\u010dov\u00fdch podporovate\u013eov Kyjeva. Nejednozna\u010dn\u00e1 hrozba zapad\u00e1 do \u0161ir\u0161\u00edch ob\u00e1v zo sabot\u00e1\u017enych oper\u00e1ci\u00ed proti podnikom podporuj\u00facim Ukrajinu mimo \u00fazemia samotn\u00e9ho konfliktu.&nbsp;<\/p>\n\n\n\n<p class=\"wp-block-paragraph\">\u25b6\ufe0f <a href=\"https:\/\/www.bbc.com\/news\/articles\/cg598m3meeyo\" target=\"_blank\" rel=\"noopener\">UK drone factories may face attacks from &#8218;unknown sources&#8216;, says Kremlin adviser<\/a><\/p>\n\n\n\n<h3 class=\"wp-block-heading\"><strong>\ud83d\udcf1 Kybernetick\u00e9 \u00fatoky, dezinform\u00e1cie a informa\u010dn\u00e9 oper\u00e1cie<\/strong><\/h3>\n\n\n\n<p class=\"wp-block-paragraph\"><strong>Taliansko<\/strong> \u2013 Rusk\u00e9 diplomatick\u00e9 a propagandistick\u00e9 aktivity v Taliansku naberaj\u00fa \u0161ir\u0161\u00ed bezpe\u010dnostn\u00fd rozmer. Za \u00fa\u010dasti rusk\u00e9ho ve\u013evyslanca sa v obci Vagli Sotto konalo odhalenie pam\u00e4tnej tabule Darji Duginovej, pri\u010dom podujatie vyu\u017eilo aj odkaz na sv. Franti\u0161ka pri prezentovan\u00ed ruskej v\u00edzie \u201emultipol\u00e1rneho\u201c svetov\u00e9ho poriadku. Anal\u00fdza sp\u00e1ja tento krok s \u010fal\u0161\u00edmi prejavmi rusk\u00e9ho vplyvu vr\u00e1tane informa\u010dn\u00fdch \u00fatokov na taliansky veden\u00fa n\u00e1morn\u00fa oper\u00e1ciu E\u00da, pri\u010dom v\u00fdznam t\u00e9my m\u00f4\u017ee r\u00e1s\u0165 pred parlamentn\u00fdmi vo\u013ebami v Taliansku v roku 2027.&nbsp;<\/p>\n\n\n\n<p class=\"wp-block-paragraph\">\u25b6\ufe0f <a href=\"https:\/\/decode39.com\/16290\/another-russian-propaganda-ceremony-in-italy\/\" target=\"_blank\" rel=\"noopener\">Russia goes local. The hybrid warfare beyond Rome<\/a><\/p>\n\n\n\n<p class=\"wp-block-paragraph\"><strong>Ukrajina<\/strong> \u2013 Kyjev uvalil sankcie na p\u00e4\u0165 os\u00f4b a \u0161tyri organiz\u00e1cie spojen\u00e9 s animovan\u00fdm seri\u00e1lom M\u00e1\u0161a a medve\u010f, ktor\u00fd sa pod\u013ea ukrajinsk\u00fdch \u00faradov pod z\u00e1mienkou detskej z\u00e1bavy podie\u013ea na \u0161\u00edren\u00ed prorusk\u00fdch narat\u00edvov. Seri\u00e1l sa vysiela vo viac ako 100 krajin\u00e1ch a jednotliv\u00e9 epiz\u00f3dy maj\u00fa miliardy pozret\u00ed, pri\u010dom pr\u00edjmy z distrib\u00facie m\u00f4\u017eu pod\u013ea Kyjeva nepriamo podporova\u0165 rusk\u00fd \u0161t\u00e1tny rozpo\u010det. Sankcie maj\u00fa vytvori\u0165 pr\u00e1vny z\u00e1klad na obmedzenie jeho monetiz\u00e1cie. Kreme\u013e obvinenia odmietol.&nbsp;<\/p>\n\n\n\n<p class=\"wp-block-paragraph\">\u25b6\ufe0f <a href=\"https:\/\/www.ta3.com\/clanok\/1067259\/nevinna-rozpravka-alebo-nastroj-ruskej-propagandy-ukrajina-uvalila-sankcie-na-tvorcov-serialu-masa-a-medved\" target=\"_blank\" rel=\"noopener\">Nevinn\u00e1 rozpr\u00e1vka alebo n\u00e1stroj ruskej propagandy? Ukrajina uvalila sankcie na tvorcov seri\u00e1lu M\u00e1\u0161a a medve\u010f<\/a><\/p>\n\n\n\n<p class=\"wp-block-paragraph\"><strong>N\u00f3rsko<\/strong> \u2013 Prorusk\u00e1 hackersk\u00e1 skupina Server Killers sa prihl\u00e1sila k viacd\u0148ov\u00e9mu DDoS \u00fatoku na n\u00f3rske digit\u00e1lne verejn\u00e9 slu\u017eby vr\u00e1tane syst\u00e9mov Agent\u00fary pre digitaliz\u00e1ciu. Skupina \u00fatok ozna\u010dila za reakciu na politick\u00fa a bezpe\u010dnostn\u00fa podporu Ukrajiny zo strany N\u00f3rska.&nbsp;<\/p>\n\n\n\n<p class=\"wp-block-paragraph\">\u25b6\ufe0f <a href=\"https:\/\/www.sme.sk\/svet\/c\/proruski-hackeri-sa-prihlasili-k-rozsiahlemu-kybernetickemu-utoku-v-norsku\" target=\"_blank\" rel=\"noopener\">Prorusk\u00ed hackeri sa prihl\u00e1sili k rozsiahlemu kybernetick\u00e9mu \u00fatoku v N\u00f3rsku<\/a><\/p>\n\n\n\n<h3 class=\"wp-block-heading\"><strong>\ud83e\udd1d Budovanie obrann\u00fdch kapac\u00edt a odolnosti<\/strong><\/h3>\n\n\n\n<p class=\"wp-block-paragraph\"><strong>Loty\u0161sko \/ Kanada<\/strong> \u2013 Kanada upravuje svoje vojensk\u00e9 nasadenie v Loty\u0161sku v reakcii na rast\u00face obavy z dronov\u00fdch incidentov a \u010fal\u0161\u00edch hybridn\u00fdch hrozieb na v\u00fdchodnom kr\u00eddle NATO. Drony predstavuj\u00fa nov\u00fd bezpe\u010dnostn\u00fd probl\u00e9m, ke\u010f\u017ee m\u00f4\u017eu sl\u00fa\u017ei\u0165 na prieskum, nar\u00fa\u0161anie kritickej infra\u0161trukt\u00fary \u010di testovanie reakcieschopnosti spojencov bez otvoren\u00e9ho vojensk\u00e9ho \u00fatoku. Posilnenie kanadskej pr\u00edtomnosti m\u00e1 zv\u00fd\u0161i\u0165 odolnos\u0165 Loty\u0161ska a schopnos\u0165 Aliancie v\u010das odhali\u0165 a koordinovane reagova\u0165 na kombin\u00e1ciu konven\u010dn\u00fdch a nekonven\u010dn\u00fdch hrozieb.&nbsp;<\/p>\n\n\n\n<p class=\"wp-block-paragraph\">\u25b6\ufe0f <a href=\"https:\/\/www.ctvnews.ca\/canada\/article\/latvia-drones-hybrid-warfare-and-the-redeployment-of-canadian-troops\/\" target=\"_blank\" rel=\"noopener\">Latvia, drones, hybrid warfare and the redeployment of Canadian troops<\/a><\/p>","protected":false},"excerpt":{"rendered":"<p>Aj tento t\u00fd\u017ede\u0148 prin\u00e1\u0161ame zhrnutie najd\u00f4le\u017eitej\u0161\u00edch udalost\u00ed hybridnej vojny, ktor\u00e1 sa \u010doraz viac t\u00fdka aj Slovenska. <\/p>\n<p>Fotografia: Skyeton, CC BY-SA 4.0 <https:>, via Wikimedia Commons<\/p>","protected":false},"author":4,"featured_media":3168,"comment_status":"closed","ping_status":"open","sticky":false,"template":"","format":"standard","meta":{"_uag_custom_page_level_css":"","site-sidebar-layout":"default","site-content-layout":"","ast-site-content-layout":"default","site-content-style":"default","site-sidebar-style":"default","ast-global-header-display":"","ast-banner-title-visibility":"","ast-main-header-display":"","ast-hfb-above-header-display":"","ast-hfb-below-header-display":"","ast-hfb-mobile-header-display":"","site-post-title":"","ast-breadcrumbs-content":"","ast-featured-img":"","footer-sml-layout":"","ast-disable-related-posts":"","theme-transparent-header-meta":"","adv-header-id-meta":"","stick-header-meta":"","header-above-stick-meta":"","header-main-stick-meta":"","header-below-stick-meta":"","astra-migrate-meta-layouts":"default","ast-page-background-enabled":"default","ast-page-background-meta":{"desktop":{"background-color":"var(--ast-global-color-5)","background-image":"","background-repeat":"repeat","background-position":"center center","background-size":"auto","background-attachment":"scroll","background-type":"","background-media":"","overlay-type":"","overlay-color":"","overlay-opacity":"","overlay-gradient":""},"tablet":{"background-color":"","background-image":"","background-repeat":"repeat","background-position":"center center","background-size":"auto","background-attachment":"scroll","background-type":"","background-media":"","overlay-type":"","overlay-color":"","overlay-opacity":"","overlay-gradient":""},"mobile":{"background-color":"","background-image":"","background-repeat":"repeat","background-position":"center center","background-size":"auto","background-attachment":"scroll","background-type":"","background-media":"","overlay-type":"","overlay-color":"","overlay-opacity":"","overlay-gradient":""}},"ast-content-background-meta":{"desktop":{"background-color":"var(--ast-global-color-4)","background-image":"","background-repeat":"repeat","background-position":"center center","background-size":"auto","background-attachment":"scroll","background-type":"","background-media":"","overlay-type":"","overlay-color":"","overlay-opacity":"","overlay-gradient":""},"tablet":{"background-color":"var(--ast-global-color-4)","background-image":"","background-repeat":"repeat","background-position":"center center","background-size":"auto","background-attachment":"scroll","background-type":"","background-media":"","overlay-type":"","overlay-color":"","overlay-opacity":"","overlay-gradient":""},"mobile":{"background-color":"var(--ast-global-color-4)","background-image":"","background-repeat":"repeat","background-position":"center center","background-size":"auto","background-attachment":"scroll","background-type":"","background-media":"","overlay-type":"","overlay-color":"","overlay-opacity":"","overlay-gradient":""}},"cybocfi_hide_featured_image":"","footnotes":""},"categories":[47,48,58,45],"tags":[],"class_list":["post-3167","post","type-post","status-publish","format-standard","has-post-thumbnail","hentry","category-informacna-oblast","category-spolocenska-oblast","category-spravodajstvo","category-za-kulisami-hybridnej-vojny"],"spectra_custom_meta":{"_uagb_previous_block_counts":["a:90:{s:21:\"uagb\/advanced-heading\";i:0;s:15:\"uagb\/blockquote\";i:0;s:12:\"uagb\/buttons\";i:0;s:18:\"uagb\/buttons-child\";i:0;s:19:\"uagb\/call-to-action\";i:0;s:15:\"uagb\/cf7-styler\";i:0;s:11:\"uagb\/column\";i:0;s:12:\"uagb\/columns\";i:0;s:14:\"uagb\/container\";i:0;s:21:\"uagb\/content-timeline\";i:0;s:27:\"uagb\/content-timeline-child\";i:0;s:14:\"uagb\/countdown\";i:0;s:12:\"uagb\/counter\";i:0;s:8:\"uagb\/faq\";i:0;s:14:\"uagb\/faq-child\";i:0;s:10:\"uagb\/forms\";i:0;s:17:\"uagb\/forms-accept\";i:0;s:19:\"uagb\/forms-checkbox\";i:0;s:15:\"uagb\/forms-date\";i:0;s:16:\"uagb\/forms-email\";i:0;s:17:\"uagb\/forms-hidden\";i:0;s:15:\"uagb\/forms-name\";i:0;s:16:\"uagb\/forms-phone\";i:0;s:16:\"uagb\/forms-radio\";i:0;s:17:\"uagb\/forms-select\";i:0;s:19:\"uagb\/forms-textarea\";i:0;s:17:\"uagb\/forms-toggle\";i:0;s:14:\"uagb\/forms-url\";i:0;s:14:\"uagb\/gf-styler\";i:0;s:15:\"uagb\/google-map\";i:0;s:11:\"uagb\/how-to\";i:0;s:16:\"uagb\/how-to-step\";i:0;s:9:\"uagb\/icon\";i:0;s:14:\"uagb\/icon-list\";i:0;s:20:\"uagb\/icon-list-child\";i:0;s:10:\"uagb\/image\";i:0;s:18:\"uagb\/image-gallery\";i:0;s:13:\"uagb\/info-box\";i:0;s:18:\"uagb\/inline-notice\";i:0;s:11:\"uagb\/lottie\";i:0;s:21:\"uagb\/marketing-button\";i:0;s:10:\"uagb\/modal\";i:0;s:18:\"uagb\/popup-builder\";i:0;s:16:\"uagb\/post-button\";i:0;s:18:\"uagb\/post-carousel\";i:0;s:17:\"uagb\/post-excerpt\";i:0;s:14:\"uagb\/post-grid\";i:0;s:15:\"uagb\/post-image\";i:0;s:17:\"uagb\/post-masonry\";i:0;s:14:\"uagb\/post-meta\";i:0;s:18:\"uagb\/post-taxonomy\";i:0;s:18:\"uagb\/post-timeline\";i:0;s:15:\"uagb\/post-title\";i:0;s:20:\"uagb\/restaurant-menu\";i:0;s:26:\"uagb\/restaurant-menu-child\";i:0;s:11:\"uagb\/review\";i:0;s:12:\"uagb\/section\";i:0;s:14:\"uagb\/separator\";i:0;s:11:\"uagb\/slider\";i:0;s:17:\"uagb\/slider-child\";i:0;s:17:\"uagb\/social-share\";i:0;s:23:\"uagb\/social-share-child\";i:0;s:16:\"uagb\/star-rating\";i:0;s:23:\"uagb\/sure-cart-checkout\";i:0;s:22:\"uagb\/sure-cart-product\";i:0;s:15:\"uagb\/sure-forms\";i:0;s:22:\"uagb\/table-of-contents\";i:0;s:9:\"uagb\/tabs\";i:0;s:15:\"uagb\/tabs-child\";i:0;s:18:\"uagb\/taxonomy-list\";i:0;s:9:\"uagb\/team\";i:0;s:16:\"uagb\/testimonial\";i:0;s:14:\"uagb\/wp-search\";i:0;s:19:\"uagb\/instagram-feed\";i:0;s:10:\"uagb\/login\";i:0;s:17:\"uagb\/loop-builder\";i:0;s:18:\"uagb\/loop-category\";i:0;s:20:\"uagb\/loop-pagination\";i:0;s:15:\"uagb\/loop-reset\";i:0;s:16:\"uagb\/loop-search\";i:0;s:14:\"uagb\/loop-sort\";i:0;s:17:\"uagb\/loop-wrapper\";i:0;s:13:\"uagb\/register\";i:0;s:19:\"uagb\/register-email\";i:0;s:24:\"uagb\/register-first-name\";i:0;s:23:\"uagb\/register-last-name\";i:0;s:22:\"uagb\/register-password\";i:0;s:30:\"uagb\/register-reenter-password\";i:0;s:19:\"uagb\/register-terms\";i:0;s:22:\"uagb\/register-username\";i:0;}"],"_edit_lock":["1788167769:4"],"rank_math_internal_links_processed":["1"],"rank_math_seo_score":["14"],"_thumbnail_id":["3168"],"astra_style_timestamp_css":["1788164948"],"_uag_css_file_name":["uag-css-3167.css"],"_uag_js_file_name":["uag-js-3167.js"]},"uagb_featured_image_src":{"full":["https:\/\/www.nest-institute.org\/wp-content\/uploads\/2026\/08\/Raybird_3.jpg",1730,1155,false],"thumbnail":["https:\/\/www.nest-institute.org\/wp-content\/uploads\/2026\/08\/Raybird_3-150x150.jpg",150,150,true],"medium":["https:\/\/www.nest-institute.org\/wp-content\/uploads\/2026\/08\/Raybird_3-300x200.jpg",300,200,true],"medium_large":["https:\/\/www.nest-institute.org\/wp-content\/uploads\/2026\/08\/Raybird_3-768x513.jpg",768,513,true],"large":["https:\/\/www.nest-institute.org\/wp-content\/uploads\/2026\/08\/Raybird_3-1024x684.jpg",1024,684,true],"1536x1536":["https:\/\/www.nest-institute.org\/wp-content\/uploads\/2026\/08\/Raybird_3-1536x1025.jpg",1536,1025,true],"2048x2048":["https:\/\/www.nest-institute.org\/wp-content\/uploads\/2026\/08\/Raybird_3.jpg",1730,1155,false],"trp-custom-language-flag":["https:\/\/www.nest-institute.org\/wp-content\/uploads\/2026\/08\/Raybird_3-18x12.jpg",18,12,true]},"uagb_author_info":{"display_name":"NEST Institute","author_link":"https:\/\/www.nest-institute.org\/en\/author\/institut\/"},"uagb_comment_info":0,"uagb_excerpt":"Aj tento t\u00fd\u017ede\u0148 prin\u00e1\u0161ame zhrnutie najd\u00f4le\u017eitej\u0161\u00edch udalost\u00ed hybridnej vojny, ktor\u00e1 sa \u010doraz viac t\u00fdka aj Slovenska. Fotografia: Skyeton, CC BY-SA 4.0 , via Wikimedia Commons","_links":{"self":[{"href":"https:\/\/www.nest-institute.org\/en\/wp-json\/wp\/v2\/posts\/3167","targetHints":{"allow":["GET"]}}],"collection":[{"href":"https:\/\/www.nest-institute.org\/en\/wp-json\/wp\/v2\/posts"}],"about":[{"href":"https:\/\/www.nest-institute.org\/en\/wp-json\/wp\/v2\/types\/post"}],"author":[{"embeddable":true,"href":"https:\/\/www.nest-institute.org\/en\/wp-json\/wp\/v2\/users\/4"}],"replies":[{"embeddable":true,"href":"https:\/\/www.nest-institute.org\/en\/wp-json\/wp\/v2\/comments?post=3167"}],"version-history":[{"count":1,"href":"https:\/\/www.nest-institute.org\/en\/wp-json\/wp\/v2\/posts\/3167\/revisions"}],"predecessor-version":[{"id":3169,"href":"https:\/\/www.nest-institute.org\/en\/wp-json\/wp\/v2\/posts\/3167\/revisions\/3169"}],"wp:featuredmedia":[{"embeddable":true,"href":"https:\/\/www.nest-institute.org\/en\/wp-json\/wp\/v2\/media\/3168"}],"wp:attachment":[{"href":"https:\/\/www.nest-institute.org\/en\/wp-json\/wp\/v2\/media?parent=3167"}],"wp:term":[{"taxonomy":"category","embeddable":true,"href":"https:\/\/www.nest-institute.org\/en\/wp-json\/wp\/v2\/categories?post=3167"},{"taxonomy":"post_tag","embeddable":true,"href":"https:\/\/www.nest-institute.org\/en\/wp-json\/wp\/v2\/tags?post=3167"}],"curies":[{"name":"wp","href":"https:\/\/api.w.org\/{rel}","templated":true}]}}